{"id":27906,"date":"2026-09-06T08:42:23","date_gmt":"2026-09-06T07:42:23","guid":{"rendered":"https:\/\/www.neulichimgarten.de\/blog\/?p=27906"},"modified":"2026-09-06T08:42:41","modified_gmt":"2026-09-06T07:42:41","slug":"meine-positiven-erfahrungen-mit-dem-anbau-von-tafeltrauben-video","status":"publish","type":"post","link":"https:\/\/www.neulichimgarten.de\/blog\/meine-positiven-erfahrungen-mit-dem-anbau-von-tafeltrauben-video\/","title":{"rendered":"Meine positiven Erfahrungen mit dem Anbau von Tafeltrauben. (Video)"},"content":{"rendered":"\n<p>Jetzt erz\u00e4hlen Sie mir nicht, bei mir w\u00fcrde alles schief laufen. Keineswegs. Ab und an habe auch ich mal eine Gl\u00fccksstr\u00e4hne. Wie in diesem Jahr mit dem Anbau von Tafeltrauben. Die sind mir n\u00e4mlich sehr gut gelungen. Und dabei bin ich nun wahrlich kein Fachmann. Aber sehen Sie selbst. \u00dcbrigens, die Ernte hat f\u00fcr gut 19 Gl\u00e4ser a 400 Milliliter feinsten Traubengelee gereicht. Da kann man doch nun wahrlich nicht meckern. <\/p>\n\n\n\n<p>Viel Spass und gute Unterhaltung beim Video<\/p>\n\n\n\n<figure class=\"wp-block-embed is-type-video is-provider-youtube wp-block-embed-youtube wp-embed-aspect-16-9 wp-has-aspect-ratio\"><div class=\"wp-block-embed__wrapper\">\n<iframe loading=\"lazy\" title=\"Meine positiven Erfahrungen mit dem Anbau von Tafeltrauben.\" width=\"800\" height=\"450\" src=\"https:\/\/www.youtube.com\/embed\/1QiR1v4UcN4?feature=oembed\" frameborder=\"0\" allow=\"accelerometer; autoplay; clipboard-write; encrypted-media; gyroscope; picture-in-picture; web-share\" referrerpolicy=\"strict-origin-when-cross-origin\" allowfullscreen><\/iframe>\n<\/div><\/figure>\n","protected":false},"excerpt":{"rendered":"<p>Jetzt erz\u00e4hlen Sie mir nicht, bei mir w\u00fcrde alles schief laufen. Keineswegs. Ab und an habe auch ich mal eine Gl\u00fccksstr\u00e4hne. Wie in diesem Jahr mit dem Anbau von Tafeltrauben. Die sind mir n\u00e4mlich sehr gut gelungen. Und dabei bin ich nun wahrlich kein Fachmann. Aber sehen Sie selbst. \u00dcbrigens, die Ernte hat f\u00fcr gut [&hellip;]<\/p>\n","protected":false},"author":1,"featured_media":27907,"comment_status":"open","ping_status":"open","sticky":false,"template":"","format":"standard","meta":[],"categories":[1,50,43,197,49],"tags":[285,325,458],"_links":{"self":[{"href":"https:\/\/www.neulichimgarten.de\/blog\/wp-json\/wp\/v2\/posts\/27906"}],"collection":[{"href":"https:\/\/www.neulichimgarten.de\/blog\/wp-json\/wp\/v2\/posts"}],"about":[{"href":"https:\/\/www.neulichimgarten.de\/blog\/wp-json\/wp\/v2\/types\/post"}],"author":[{"embeddable":true,"href":"https:\/\/www.neulichimgarten.de\/blog\/wp-json\/wp\/v2\/users\/1"}],"replies":[{"embeddable":true,"href":"https:\/\/www.neulichimgarten.de\/blog\/wp-json\/wp\/v2\/comments?post=27906"}],"version-history":[{"count":1,"href":"https:\/\/www.neulichimgarten.de\/blog\/wp-json\/wp\/v2\/posts\/27906\/revisions"}],"predecessor-version":[{"id":27908,"href":"https:\/\/www.neulichimgarten.de\/blog\/wp-json\/wp\/v2\/posts\/27906\/revisions\/27908"}],"wp:featuredmedia":[{"embeddable":true,"href":"https:\/\/www.neulichimgarten.de\/blog\/wp-json\/wp\/v2\/media\/27907"}],"wp:attachment":[{"href":"https:\/\/www.neulichimgarten.de\/blog\/wp-json\/wp\/v2\/media?parent=27906"}],"wp:term":[{"taxonomy":"category","embeddable":true,"href":"https:\/\/www.neulichimgarten.de\/blog\/wp-json\/wp\/v2\/categories?post=27906"},{"taxonomy":"post_tag","embeddable":true,"href":"https:\/\/www.neulichimgarten.de\/blog\/wp-json\/wp\/v2\/tags?post=27906"}],"curies":[{"name":"wp","href":"https:\/\/api.w.org\/{rel}","templated":true}]}}