{"id":27697,"date":"2025-02-02T11:26:08","date_gmt":"2025-02-02T10:26:08","guid":{"rendered":"https:\/\/www.neulichimgarten.de\/blog\/?p=27697"},"modified":"2025-02-02T11:26:43","modified_gmt":"2025-02-02T10:26:43","slug":"darum-habe-ich-mich-auf-yt-rar-gemacht-video","status":"publish","type":"post","link":"https:\/\/www.neulichimgarten.de\/blog\/darum-habe-ich-mich-auf-yt-rar-gemacht-video\/","title":{"rendered":"Darum habe ich mich auf YT rar gemacht (Video)"},"content":{"rendered":"\n<p>Ich habe mir ernstlich \u00fcberlegt, mich von Youtube zu verabschieden. Und das hat nicht daran gelegen, dass mein Interesse am G\u00e4rtnern abhanden gekommen w\u00e4re. Die Wintermonate sind f\u00fcr mich immer eine Zeit der Entspannung. Ich sitze am Ofen oder noch besser am Rechner und sehe Youtube. Was mir da aber in den letzten Monaten auf die Startseite gesp\u00fclt wurde, ist unter aller W\u00fcrde. Ich habe mir wirklich \u00fcberlegt, ob ich mich auf dieser Plattform noch wohl f\u00fchle. Der Umgangston ist derart degenereiert, dass mir der Atem stockt. Wollte ich einfach nur mal sagen. <\/p>\n\n\n\n<p>Viel Spass und gute Unterhaltung beim Video<\/p>\n\n\n\n<figure class=\"wp-block-embed is-type-video is-provider-youtube wp-block-embed-youtube wp-embed-aspect-16-9 wp-has-aspect-ratio\"><div class=\"wp-block-embed__wrapper\">\n<iframe loading=\"lazy\" title=\"Darum habe ich mich auf YT rar gemacht\" width=\"800\" height=\"450\" src=\"https:\/\/www.youtube.com\/embed\/nZeKnhvYCI4?feature=oembed\" frameborder=\"0\" allow=\"accelerometer; autoplay; clipboard-write; encrypted-media; gyroscope; picture-in-picture; web-share\" referrerpolicy=\"strict-origin-when-cross-origin\" allowfullscreen><\/iframe>\n<\/div><\/figure>\n","protected":false},"excerpt":{"rendered":"<p>Ich habe mir ernstlich \u00fcberlegt, mich von Youtube zu verabschieden. Und das hat nicht daran gelegen, dass mein Interesse am G\u00e4rtnern abhanden gekommen w\u00e4re. Die Wintermonate sind f\u00fcr mich immer eine Zeit der Entspannung. Ich sitze am Ofen oder noch besser am Rechner und sehe Youtube. Was mir da aber in den letzten Monaten auf [&hellip;]<\/p>\n","protected":false},"author":1,"featured_media":27698,"comment_status":"open","ping_status":"open","sticky":false,"template":"","format":"standard","meta":[],"categories":[1,42,52],"tags":[56,194,285],"_links":{"self":[{"href":"https:\/\/www.neulichimgarten.de\/blog\/wp-json\/wp\/v2\/posts\/27697"}],"collection":[{"href":"https:\/\/www.neulichimgarten.de\/blog\/wp-json\/wp\/v2\/posts"}],"about":[{"href":"https:\/\/www.neulichimgarten.de\/blog\/wp-json\/wp\/v2\/types\/post"}],"author":[{"embeddable":true,"href":"https:\/\/www.neulichimgarten.de\/blog\/wp-json\/wp\/v2\/users\/1"}],"replies":[{"embeddable":true,"href":"https:\/\/www.neulichimgarten.de\/blog\/wp-json\/wp\/v2\/comments?post=27697"}],"version-history":[{"count":1,"href":"https:\/\/www.neulichimgarten.de\/blog\/wp-json\/wp\/v2\/posts\/27697\/revisions"}],"predecessor-version":[{"id":27699,"href":"https:\/\/www.neulichimgarten.de\/blog\/wp-json\/wp\/v2\/posts\/27697\/revisions\/27699"}],"wp:featuredmedia":[{"embeddable":true,"href":"https:\/\/www.neulichimgarten.de\/blog\/wp-json\/wp\/v2\/media\/27698"}],"wp:attachment":[{"href":"https:\/\/www.neulichimgarten.de\/blog\/wp-json\/wp\/v2\/media?parent=27697"}],"wp:term":[{"taxonomy":"category","embeddable":true,"href":"https:\/\/www.neulichimgarten.de\/blog\/wp-json\/wp\/v2\/categories?post=27697"},{"taxonomy":"post_tag","embeddable":true,"href":"https:\/\/www.neulichimgarten.de\/blog\/wp-json\/wp\/v2\/tags?post=27697"}],"curies":[{"name":"wp","href":"https:\/\/api.w.org\/{rel}","templated":true}]}}