{"id":27626,"date":"2024-06-23T07:37:47","date_gmt":"2024-06-23T06:37:47","guid":{"rendered":"https:\/\/www.neulichimgarten.de\/blog\/?p=27626"},"modified":"2024-06-23T07:37:59","modified_gmt":"2024-06-23T06:37:59","slug":"ein-vollkommen-neues-gartenkonzept-video","status":"publish","type":"post","link":"https:\/\/www.neulichimgarten.de\/blog\/ein-vollkommen-neues-gartenkonzept-video\/","title":{"rendered":"Ein vollkommen neues Gartenkonzept (Video)"},"content":{"rendered":"\n<p>Jeder wird diesen Moment erleben. Den Moment, an dem man erkennen muss, dass es, so wie bisher, nicht weitergehen kann. Auch im Garten. Es kommt der Moment wo einem die Arbeit \u00fcber den Kopf w\u00e4chst, der Moment, an dem man erkennen muss, dass man mit seinen Kr\u00e4ften am Ende ist. Der Moment, an dem man seinem Alter Tribut zollen muss. Ich hatte solch einen Moment in diesem Fr\u00fchjahr und musste erkennen, dass ich mich von meiner Methode, einen Garten zu bewirtschaften, verabschieden muss. Dass heisst nicht, ich w\u00fcrde mit dem G\u00e4rtnern aufh\u00f6ren. Ganz im Gegenteil. Ich muss nur meine Vorgehensweise meinem Alter anpassen. Ich baue meinen Garten komplett um und bin mir sicher, es wird alles viel leichter. Oder wie sehen Sie das?<\/p>\n\n\n\n<p>Viel Spass und gute Unterhaltung beim Video<\/p>\n\n\n\n<figure class=\"wp-block-embed is-type-video is-provider-youtube wp-block-embed-youtube wp-embed-aspect-16-9 wp-has-aspect-ratio\"><div class=\"wp-block-embed__wrapper\">\n<iframe loading=\"lazy\" title=\"Ein vollkommen neues Gartenkonzept\" width=\"800\" height=\"450\" src=\"https:\/\/www.youtube.com\/embed\/-tDypD7Bt5U?feature=oembed\" frameborder=\"0\" allow=\"accelerometer; autoplay; clipboard-write; encrypted-media; gyroscope; picture-in-picture; web-share\" referrerpolicy=\"strict-origin-when-cross-origin\" allowfullscreen><\/iframe>\n<\/div><\/figure>\n","protected":false},"excerpt":{"rendered":"<p>Jeder wird diesen Moment erleben. Den Moment, an dem man erkennen muss, dass es, so wie bisher, nicht weitergehen kann. Auch im Garten. Es kommt der Moment wo einem die Arbeit \u00fcber den Kopf w\u00e4chst, der Moment, an dem man erkennen muss, dass man mit seinen Kr\u00e4ften am Ende ist. Der Moment, an dem man [&hellip;]<\/p>\n","protected":false},"author":1,"featured_media":27627,"comment_status":"open","ping_status":"open","sticky":false,"template":"","format":"standard","meta":[],"categories":[171,1,46,42,253,197,48],"tags":[56,285,247],"_links":{"self":[{"href":"https:\/\/www.neulichimgarten.de\/blog\/wp-json\/wp\/v2\/posts\/27626"}],"collection":[{"href":"https:\/\/www.neulichimgarten.de\/blog\/wp-json\/wp\/v2\/posts"}],"about":[{"href":"https:\/\/www.neulichimgarten.de\/blog\/wp-json\/wp\/v2\/types\/post"}],"author":[{"embeddable":true,"href":"https:\/\/www.neulichimgarten.de\/blog\/wp-json\/wp\/v2\/users\/1"}],"replies":[{"embeddable":true,"href":"https:\/\/www.neulichimgarten.de\/blog\/wp-json\/wp\/v2\/comments?post=27626"}],"version-history":[{"count":1,"href":"https:\/\/www.neulichimgarten.de\/blog\/wp-json\/wp\/v2\/posts\/27626\/revisions"}],"predecessor-version":[{"id":27628,"href":"https:\/\/www.neulichimgarten.de\/blog\/wp-json\/wp\/v2\/posts\/27626\/revisions\/27628"}],"wp:featuredmedia":[{"embeddable":true,"href":"https:\/\/www.neulichimgarten.de\/blog\/wp-json\/wp\/v2\/media\/27627"}],"wp:attachment":[{"href":"https:\/\/www.neulichimgarten.de\/blog\/wp-json\/wp\/v2\/media?parent=27626"}],"wp:term":[{"taxonomy":"category","embeddable":true,"href":"https:\/\/www.neulichimgarten.de\/blog\/wp-json\/wp\/v2\/categories?post=27626"},{"taxonomy":"post_tag","embeddable":true,"href":"https:\/\/www.neulichimgarten.de\/blog\/wp-json\/wp\/v2\/tags?post=27626"}],"curies":[{"name":"wp","href":"https:\/\/api.w.org\/{rel}","templated":true}]}}