{"id":27584,"date":"2024-04-07T08:38:37","date_gmt":"2024-04-07T07:38:37","guid":{"rendered":"https:\/\/www.neulichimgarten.de\/blog\/?p=27584"},"modified":"2024-04-07T08:38:52","modified_gmt":"2024-04-07T07:38:52","slug":"lachen-sie-nicht-ich-weiss-was-ich-tue-loewenzahn-selbst-anbauen-teil-1-video","status":"publish","type":"post","link":"https:\/\/www.neulichimgarten.de\/blog\/lachen-sie-nicht-ich-weiss-was-ich-tue-loewenzahn-selbst-anbauen-teil-1-video\/","title":{"rendered":"Lachen Sie nicht, ich weiss was ich tue. :) L\u00f6wenzahn selbst anbauen, Teil 1 (Video)"},"content":{"rendered":"\n<p>Lachen Sie nicht \u00fcber mich wenn ich Ihnen verklickern will, dass ich L\u00f6wenzahn anbauen m\u00f6chte. Ich weiss was ich tue, meistens jedenfalls. \ud83d\ude42 Sie k\u00f6nnten n\u00e4mlich sagen, dass der doch \u00fcberall in Massen am Wegesrand und auch in meiner Wiese w\u00e4chst. Warum sollte jemand auf die Idee kommen, L\u00f6wenzahn explizit anbauen zu wollen. Das hat schon seinen Grund. \ud83d\ude42 Im ersten Teil heute zeige ich Ihnen, wie ich vor einigen Jahren eben diesen L\u00f6wenzahn in meinem Garten angebaut habe. Und ich war positv \u00fcberascht. Und noch \u00fcberraschter werden Sie sein, wenn Sie den zweiten Teil gesehen haben. <\/p>\n\n\n\n<p>Viel Spass und gute Unterhaltung beim Video<\/p>\n\n\n\n<figure class=\"wp-block-embed is-type-video is-provider-youtube wp-block-embed-youtube wp-embed-aspect-16-9 wp-has-aspect-ratio\"><div class=\"wp-block-embed__wrapper\">\n<iframe loading=\"lazy\" title=\"Lachen Sie nicht, ich weiss was ich tue. :) L\u00f6wenzahn selbst anbauen, Teil 1\" width=\"800\" height=\"450\" src=\"https:\/\/www.youtube.com\/embed\/EOK08VQROy4?feature=oembed\" frameborder=\"0\" allow=\"accelerometer; autoplay; clipboard-write; encrypted-media; gyroscope; picture-in-picture; web-share\" referrerpolicy=\"strict-origin-when-cross-origin\" allowfullscreen><\/iframe>\n<\/div><\/figure>\n","protected":false},"excerpt":{"rendered":"<p>Lachen Sie nicht \u00fcber mich wenn ich Ihnen verklickern will, dass ich L\u00f6wenzahn anbauen m\u00f6chte. Ich weiss was ich tue, meistens jedenfalls. \ud83d\ude42 Sie k\u00f6nnten n\u00e4mlich sagen, dass der doch \u00fcberall in Massen am Wegesrand und auch in meiner Wiese w\u00e4chst. Warum sollte jemand auf die Idee kommen, L\u00f6wenzahn explizit anbauen zu wollen. Das hat [&hellip;]<\/p>\n","protected":false},"author":1,"featured_media":27585,"comment_status":"open","ping_status":"open","sticky":false,"template":"","format":"standard","meta":[],"categories":[171,50,42,197,48],"tags":[453,285],"_links":{"self":[{"href":"https:\/\/www.neulichimgarten.de\/blog\/wp-json\/wp\/v2\/posts\/27584"}],"collection":[{"href":"https:\/\/www.neulichimgarten.de\/blog\/wp-json\/wp\/v2\/posts"}],"about":[{"href":"https:\/\/www.neulichimgarten.de\/blog\/wp-json\/wp\/v2\/types\/post"}],"author":[{"embeddable":true,"href":"https:\/\/www.neulichimgarten.de\/blog\/wp-json\/wp\/v2\/users\/1"}],"replies":[{"embeddable":true,"href":"https:\/\/www.neulichimgarten.de\/blog\/wp-json\/wp\/v2\/comments?post=27584"}],"version-history":[{"count":1,"href":"https:\/\/www.neulichimgarten.de\/blog\/wp-json\/wp\/v2\/posts\/27584\/revisions"}],"predecessor-version":[{"id":27586,"href":"https:\/\/www.neulichimgarten.de\/blog\/wp-json\/wp\/v2\/posts\/27584\/revisions\/27586"}],"wp:featuredmedia":[{"embeddable":true,"href":"https:\/\/www.neulichimgarten.de\/blog\/wp-json\/wp\/v2\/media\/27585"}],"wp:attachment":[{"href":"https:\/\/www.neulichimgarten.de\/blog\/wp-json\/wp\/v2\/media?parent=27584"}],"wp:term":[{"taxonomy":"category","embeddable":true,"href":"https:\/\/www.neulichimgarten.de\/blog\/wp-json\/wp\/v2\/categories?post=27584"},{"taxonomy":"post_tag","embeddable":true,"href":"https:\/\/www.neulichimgarten.de\/blog\/wp-json\/wp\/v2\/tags?post=27584"}],"curies":[{"name":"wp","href":"https:\/\/api.w.org\/{rel}","templated":true}]}}