{"id":27393,"date":"2023-04-02T07:44:40","date_gmt":"2023-04-02T06:44:40","guid":{"rendered":"https:\/\/www.neulichimgarten.de\/blog\/?p=27393"},"modified":"2023-04-02T07:44:47","modified_gmt":"2023-04-02T06:44:47","slug":"der-ganz-normale-selbstversorgerwahnsinn-teil-92-video","status":"publish","type":"post","link":"https:\/\/www.neulichimgarten.de\/blog\/der-ganz-normale-selbstversorgerwahnsinn-teil-92-video\/","title":{"rendered":"Der ganz normale Selbstversorgerwahnsinn Teil 92 (Video)"},"content":{"rendered":"\n<p>Da m\u00fcssen Sie mir doch zustimmen. Das Fr\u00fchjahr ist nicht gerade das &#8222;Gelbe vom Ei&#8220;. Regen, Regen und nochmals Regen. Kalt, k\u00e4lter und noch k\u00e4lter. Das haben wir doch alle schon anders erlebt. Und doch, irgendwann muss man mit der Gartenarbeit beginnen. Auch wenn ich viel lieber neben dem Holzofen sitze. \ud83d\ude42 Aber lassen wir es langsam angehen. Erst einmal die Voraussetzungen schaffen, damit irgendetwas wachsen kann. Ganz langsam an die Sache herantasten. Bloss nicht \u00fcbertreiben und bloss nicht in Aktionismus verfallen. \ud83d\ude42 <\/p>\n\n\n\n<p>Viel Spass und gute Unterhaltung beim Video<\/p>\n\n\n\n<figure class=\"wp-block-embed is-type-video is-provider-youtube wp-block-embed-youtube wp-embed-aspect-16-9 wp-has-aspect-ratio\"><div class=\"wp-block-embed__wrapper\">\n<iframe loading=\"lazy\" title=\"Der ganz normale Selbstversorgerwahnsinn Teil 92\" width=\"800\" height=\"450\" src=\"https:\/\/www.youtube.com\/embed\/A1SMR_h5AAg?feature=oembed\" frameborder=\"0\" allow=\"accelerometer; autoplay; clipboard-write; encrypted-media; gyroscope; picture-in-picture; web-share\" allowfullscreen><\/iframe>\n<\/div><\/figure>\n","protected":false},"excerpt":{"rendered":"<p>Da m\u00fcssen Sie mir doch zustimmen. Das Fr\u00fchjahr ist nicht gerade das &#8222;Gelbe vom Ei&#8220;. Regen, Regen und nochmals Regen. Kalt, k\u00e4lter und noch k\u00e4lter. Das haben wir doch alle schon anders erlebt. Und doch, irgendwann muss man mit der Gartenarbeit beginnen. Auch wenn ich viel lieber neben dem Holzofen sitze. \ud83d\ude42 Aber lassen wir [&hellip;]<\/p>\n","protected":false},"author":1,"featured_media":27394,"comment_status":"open","ping_status":"open","sticky":false,"template":"","format":"standard","meta":[],"categories":[1,46,42,197],"tags":[56,285],"_links":{"self":[{"href":"https:\/\/www.neulichimgarten.de\/blog\/wp-json\/wp\/v2\/posts\/27393"}],"collection":[{"href":"https:\/\/www.neulichimgarten.de\/blog\/wp-json\/wp\/v2\/posts"}],"about":[{"href":"https:\/\/www.neulichimgarten.de\/blog\/wp-json\/wp\/v2\/types\/post"}],"author":[{"embeddable":true,"href":"https:\/\/www.neulichimgarten.de\/blog\/wp-json\/wp\/v2\/users\/1"}],"replies":[{"embeddable":true,"href":"https:\/\/www.neulichimgarten.de\/blog\/wp-json\/wp\/v2\/comments?post=27393"}],"version-history":[{"count":1,"href":"https:\/\/www.neulichimgarten.de\/blog\/wp-json\/wp\/v2\/posts\/27393\/revisions"}],"predecessor-version":[{"id":27395,"href":"https:\/\/www.neulichimgarten.de\/blog\/wp-json\/wp\/v2\/posts\/27393\/revisions\/27395"}],"wp:featuredmedia":[{"embeddable":true,"href":"https:\/\/www.neulichimgarten.de\/blog\/wp-json\/wp\/v2\/media\/27394"}],"wp:attachment":[{"href":"https:\/\/www.neulichimgarten.de\/blog\/wp-json\/wp\/v2\/media?parent=27393"}],"wp:term":[{"taxonomy":"category","embeddable":true,"href":"https:\/\/www.neulichimgarten.de\/blog\/wp-json\/wp\/v2\/categories?post=27393"},{"taxonomy":"post_tag","embeddable":true,"href":"https:\/\/www.neulichimgarten.de\/blog\/wp-json\/wp\/v2\/tags?post=27393"}],"curies":[{"name":"wp","href":"https:\/\/api.w.org\/{rel}","templated":true}]}}