{"id":27386,"date":"2023-03-19T09:52:31","date_gmt":"2023-03-19T08:52:31","guid":{"rendered":"https:\/\/www.neulichimgarten.de\/blog\/?p=27386"},"modified":"2023-03-19T09:52:40","modified_gmt":"2023-03-19T08:52:40","slug":"so-bereite-ich-mein-gewaechshaus-vor-video","status":"publish","type":"post","link":"https:\/\/www.neulichimgarten.de\/blog\/so-bereite-ich-mein-gewaechshaus-vor-video\/","title":{"rendered":"So bereite ich mein Gew\u00e4chshaus vor. (Video)"},"content":{"rendered":"\n<p>Letztendlich f\u00fchrt kein Weg daran vorbei, seinen Gartenboden, auch im Gew\u00e4chshaus im Fr\u00fchjahr vorzubereiten. Da gilt es zu d\u00fcngen, eventuell zu kalken und nat\u00fcrlich den Boden zu lockern, damit das Gem\u00fcse auch richtig gut wachsen kann und jede Menge leckerer Fr\u00fcchte hervorbringen kann. Da stimmen Sie mir zu. \ud83d\ude42 In meinem heutigen Video zeige ich Ihnen, wie ich es in diesem Jahr halte und gehe auch auf die Bodenlockerung ein. Denn, auch in dieser Hinsicht gibt es verschiedene Methoden, von denen ich schon so einige ausprobiert habe. Jetzt fassen Sie mein Video aber bitte nicht als Anleitung auf. Ich zeige Ihnen nur, wie ich es mache. Sicher hat da jeder G\u00e4rtner so seine eigene Vorgehensweise. <\/p>\n\n\n\n<p>Viel Spass und gute Unterhaltung beim Video<\/p>\n\n\n\n<figure class=\"wp-block-embed is-type-video is-provider-youtube wp-block-embed-youtube wp-embed-aspect-16-9 wp-has-aspect-ratio\"><div class=\"wp-block-embed__wrapper\">\n<iframe loading=\"lazy\" title=\"So bereite ich mein Gew\u00e4chshaus vor\" width=\"800\" height=\"450\" src=\"https:\/\/www.youtube.com\/embed\/7OlxtgHUoRE?feature=oembed\" frameborder=\"0\" allow=\"accelerometer; autoplay; clipboard-write; encrypted-media; gyroscope; picture-in-picture; web-share\" allowfullscreen><\/iframe>\n<\/div><\/figure>\n","protected":false},"excerpt":{"rendered":"<p>Letztendlich f\u00fchrt kein Weg daran vorbei, seinen Gartenboden, auch im Gew\u00e4chshaus im Fr\u00fchjahr vorzubereiten. Da gilt es zu d\u00fcngen, eventuell zu kalken und nat\u00fcrlich den Boden zu lockern, damit das Gem\u00fcse auch richtig gut wachsen kann und jede Menge leckerer Fr\u00fcchte hervorbringen kann. Da stimmen Sie mir zu. \ud83d\ude42 In meinem heutigen Video zeige ich [&hellip;]<\/p>\n","protected":false},"author":1,"featured_media":27387,"comment_status":"open","ping_status":"open","sticky":false,"template":"","format":"standard","meta":[],"categories":[171,1,42,52,48],"tags":[56,440,285],"_links":{"self":[{"href":"https:\/\/www.neulichimgarten.de\/blog\/wp-json\/wp\/v2\/posts\/27386"}],"collection":[{"href":"https:\/\/www.neulichimgarten.de\/blog\/wp-json\/wp\/v2\/posts"}],"about":[{"href":"https:\/\/www.neulichimgarten.de\/blog\/wp-json\/wp\/v2\/types\/post"}],"author":[{"embeddable":true,"href":"https:\/\/www.neulichimgarten.de\/blog\/wp-json\/wp\/v2\/users\/1"}],"replies":[{"embeddable":true,"href":"https:\/\/www.neulichimgarten.de\/blog\/wp-json\/wp\/v2\/comments?post=27386"}],"version-history":[{"count":1,"href":"https:\/\/www.neulichimgarten.de\/blog\/wp-json\/wp\/v2\/posts\/27386\/revisions"}],"predecessor-version":[{"id":27388,"href":"https:\/\/www.neulichimgarten.de\/blog\/wp-json\/wp\/v2\/posts\/27386\/revisions\/27388"}],"wp:featuredmedia":[{"embeddable":true,"href":"https:\/\/www.neulichimgarten.de\/blog\/wp-json\/wp\/v2\/media\/27387"}],"wp:attachment":[{"href":"https:\/\/www.neulichimgarten.de\/blog\/wp-json\/wp\/v2\/media?parent=27386"}],"wp:term":[{"taxonomy":"category","embeddable":true,"href":"https:\/\/www.neulichimgarten.de\/blog\/wp-json\/wp\/v2\/categories?post=27386"},{"taxonomy":"post_tag","embeddable":true,"href":"https:\/\/www.neulichimgarten.de\/blog\/wp-json\/wp\/v2\/tags?post=27386"}],"curies":[{"name":"wp","href":"https:\/\/api.w.org\/{rel}","templated":true}]}}