{"id":27032,"date":"2021-06-19T19:01:22","date_gmt":"2021-06-19T18:01:22","guid":{"rendered":"https:\/\/www.neulichimgarten.de\/blog\/?p=27032"},"modified":"2021-06-19T19:01:23","modified_gmt":"2021-06-19T18:01:23","slug":"der-ganz-normale-selbstversorgerwahnsinn-teil-55-video","status":"publish","type":"post","link":"https:\/\/www.neulichimgarten.de\/blog\/der-ganz-normale-selbstversorgerwahnsinn-teil-55-video\/","title":{"rendered":"Der ganz normale Selbstversorgerwahnsinn Teil 55 (Video)"},"content":{"rendered":"\n<p>Wie k\u00f6nnte es anders sein. Der Mai und auch noch der Beginn des Junis stehen voll im Zeichen der Bienen. (Was aber nicht heisst, dass es sonst nichts anderes zu berichten g\u00e4be. \ud83d\ude42 ) Denn der Mai ist die Zeit f\u00fcr Bienenschw\u00e4rme. Die dominieren den Tag. Kaum scheint die Sonne prall und heiss vom Himmel, gehen Schw\u00e4rme ab, die es gilt, einzufangen. Mal ganz einfach, mal mit etwas mehr M\u00fche. Mittlerweile ist jedes Volk abgeschw\u00e4rmt, so wie sie es eben in der Natur auch machen w\u00fcrden. So weit ich mich erinnere, habe ich, bis auf zwei Schw\u00e4rme, alle eingefangen und untergebracht. Das freut mich. Aber auch in Sachen Garten gibt es so einiges zu berichten. Was nicht gut gelaufen ist, mit was ich zufrieden bin und was \u00fcberhaupt nicht gut geht. Der ganz normale Selbstversorgerwahnsinn Teil 55. Lehnen Sie sich zur\u00fcck und schauen mir bei der Arbeit zu. Viel Spass beim Video<\/p>\n\n\n\n<figure class=\"wp-block-embed is-type-video is-provider-youtube wp-block-embed-youtube wp-embed-aspect-16-9 wp-has-aspect-ratio\"><div class=\"wp-block-embed__wrapper\">\n<iframe loading=\"lazy\" title=\"Der ganz normale Selbstversorgerwahnsinn Teil 55\" width=\"800\" height=\"450\" src=\"https:\/\/www.youtube.com\/embed\/X1yex1ZS3E0?feature=oembed\" frameborder=\"0\" allow=\"accelerometer; autoplay; clipboard-write; encrypted-media; gyroscope; picture-in-picture\" allowfullscreen><\/iframe>\n<\/div><\/figure>\n","protected":false},"excerpt":{"rendered":"<p>Wie k\u00f6nnte es anders sein. Der Mai und auch noch der Beginn des Junis stehen voll im Zeichen der Bienen. (Was aber nicht heisst, dass es sonst nichts anderes zu berichten g\u00e4be. \ud83d\ude42 ) Denn der Mai ist die Zeit f\u00fcr Bienenschw\u00e4rme. Die dominieren den Tag. Kaum scheint die Sonne prall und heiss vom Himmel, [&hellip;]<\/p>\n","protected":false},"author":1,"featured_media":27034,"comment_status":"open","ping_status":"open","sticky":false,"template":"","format":"standard","meta":[],"categories":[135,1,46,42,259],"tags":[56,411,297,285,230],"_links":{"self":[{"href":"https:\/\/www.neulichimgarten.de\/blog\/wp-json\/wp\/v2\/posts\/27032"}],"collection":[{"href":"https:\/\/www.neulichimgarten.de\/blog\/wp-json\/wp\/v2\/posts"}],"about":[{"href":"https:\/\/www.neulichimgarten.de\/blog\/wp-json\/wp\/v2\/types\/post"}],"author":[{"embeddable":true,"href":"https:\/\/www.neulichimgarten.de\/blog\/wp-json\/wp\/v2\/users\/1"}],"replies":[{"embeddable":true,"href":"https:\/\/www.neulichimgarten.de\/blog\/wp-json\/wp\/v2\/comments?post=27032"}],"version-history":[{"count":2,"href":"https:\/\/www.neulichimgarten.de\/blog\/wp-json\/wp\/v2\/posts\/27032\/revisions"}],"predecessor-version":[{"id":27035,"href":"https:\/\/www.neulichimgarten.de\/blog\/wp-json\/wp\/v2\/posts\/27032\/revisions\/27035"}],"wp:featuredmedia":[{"embeddable":true,"href":"https:\/\/www.neulichimgarten.de\/blog\/wp-json\/wp\/v2\/media\/27034"}],"wp:attachment":[{"href":"https:\/\/www.neulichimgarten.de\/blog\/wp-json\/wp\/v2\/media?parent=27032"}],"wp:term":[{"taxonomy":"category","embeddable":true,"href":"https:\/\/www.neulichimgarten.de\/blog\/wp-json\/wp\/v2\/categories?post=27032"},{"taxonomy":"post_tag","embeddable":true,"href":"https:\/\/www.neulichimgarten.de\/blog\/wp-json\/wp\/v2\/tags?post=27032"}],"curies":[{"name":"wp","href":"https:\/\/api.w.org\/{rel}","templated":true}]}}