{"id":27008,"date":"2021-05-20T08:34:55","date_gmt":"2021-05-20T07:34:55","guid":{"rendered":"https:\/\/www.neulichimgarten.de\/blog\/?p=27008"},"modified":"2021-05-20T08:36:02","modified_gmt":"2021-05-20T07:36:02","slug":"apfelbaum-richtig-veredeln-so-wirds-gemacht-video","status":"publish","type":"post","link":"https:\/\/www.neulichimgarten.de\/blog\/apfelbaum-richtig-veredeln-so-wirds-gemacht-video\/","title":{"rendered":"Apfelbaum richtig veredeln. So wird&#8217;s gemacht. (Video)"},"content":{"rendered":"\n<p>G\u00e4rtnern kann so viel mehr sein als Kohlrabi und Salat selbst anzubauen. Schon mal daran gedacht, Obstb\u00e4ume zu veredeln? Ich schon. Nur, wie macht man das nun richtig? Zum Gl\u00fcck gibt es Fachleute, die es mir zeigen k\u00f6nnen. Wie man einen Apfelbaum auf eine Unterlage veredelt, erfahren Sie in meinem heutigen Video. Danach schaffen Sie das auch selbst.<\/p>\n\n\n\n<p> Viel Spass beim Video<\/p>\n\n\n\n<figure class=\"wp-block-embed is-type-video is-provider-youtube wp-block-embed-youtube wp-embed-aspect-16-9 wp-has-aspect-ratio\"><div class=\"wp-block-embed__wrapper\">\n<iframe loading=\"lazy\" title=\"Apfelbaum richtig veredeln. So wird&#039;s gemacht.\" width=\"800\" height=\"450\" src=\"https:\/\/www.youtube.com\/embed\/fdrx1PzLOa4?feature=oembed\" frameborder=\"0\" allow=\"accelerometer; autoplay; clipboard-write; encrypted-media; gyroscope; picture-in-picture\" allowfullscreen><\/iframe>\n<\/div><\/figure>\n","protected":false},"excerpt":{"rendered":"<p>G\u00e4rtnern kann so viel mehr sein als Kohlrabi und Salat selbst anzubauen. Schon mal daran gedacht, Obstb\u00e4ume zu veredeln? Ich schon. Nur, wie macht man das nun richtig? Zum Gl\u00fcck gibt es Fachleute, die es mir zeigen k\u00f6nnen. Wie man einen Apfelbaum auf eine Unterlage veredelt, erfahren Sie in meinem heutigen Video. Danach schaffen Sie [&hellip;]<\/p>\n","protected":false},"author":1,"featured_media":27009,"comment_status":"open","ping_status":"open","sticky":false,"template":"","format":"standard","meta":[],"categories":[43,253,48],"tags":[72,56,285,230],"_links":{"self":[{"href":"https:\/\/www.neulichimgarten.de\/blog\/wp-json\/wp\/v2\/posts\/27008"}],"collection":[{"href":"https:\/\/www.neulichimgarten.de\/blog\/wp-json\/wp\/v2\/posts"}],"about":[{"href":"https:\/\/www.neulichimgarten.de\/blog\/wp-json\/wp\/v2\/types\/post"}],"author":[{"embeddable":true,"href":"https:\/\/www.neulichimgarten.de\/blog\/wp-json\/wp\/v2\/users\/1"}],"replies":[{"embeddable":true,"href":"https:\/\/www.neulichimgarten.de\/blog\/wp-json\/wp\/v2\/comments?post=27008"}],"version-history":[{"count":1,"href":"https:\/\/www.neulichimgarten.de\/blog\/wp-json\/wp\/v2\/posts\/27008\/revisions"}],"predecessor-version":[{"id":27010,"href":"https:\/\/www.neulichimgarten.de\/blog\/wp-json\/wp\/v2\/posts\/27008\/revisions\/27010"}],"wp:featuredmedia":[{"embeddable":true,"href":"https:\/\/www.neulichimgarten.de\/blog\/wp-json\/wp\/v2\/media\/27009"}],"wp:attachment":[{"href":"https:\/\/www.neulichimgarten.de\/blog\/wp-json\/wp\/v2\/media?parent=27008"}],"wp:term":[{"taxonomy":"category","embeddable":true,"href":"https:\/\/www.neulichimgarten.de\/blog\/wp-json\/wp\/v2\/categories?post=27008"},{"taxonomy":"post_tag","embeddable":true,"href":"https:\/\/www.neulichimgarten.de\/blog\/wp-json\/wp\/v2\/tags?post=27008"}],"curies":[{"name":"wp","href":"https:\/\/api.w.org\/{rel}","templated":true}]}}