{"id":16589,"date":"2013-04-07T11:20:11","date_gmt":"2013-04-07T09:20:11","guid":{"rendered":"http:\/\/neulichimgarten.de\/blog\/?p=16589"},"modified":"2013-04-07T11:16:50","modified_gmt":"2013-04-07T09:16:50","slug":"wie-saaet-man-weizen-im-garten-aus","status":"publish","type":"post","link":"https:\/\/www.neulichimgarten.de\/blog\/wie-saaet-man-weizen-im-garten-aus\/","title":{"rendered":"Von Weizen, von der Aussaat, von einem enormen Nutzen und von Voegeln, die im Sandkasten spielen. (Video)"},"content":{"rendered":"<p>Auf ein Neues. Eine weitere Saison Weizenanbau im Hobbygarten. <a href=\"http:\/\/neulichimgarten.de\/blog\/versuche\/richtigebeetvorbereitung-im-garten\/\">180 m2<\/a> sollen es werden. Wenn ich mir da mal nur nicht zu viel vorgenommen habe. \ud83d\ude42 Aber noch ist nicht aller Tage Abend. Ich habe mich ja schon verbessert. Im ersten Jahr bin ich <a href=\"http:\/\/neulichimgarten.de\/blog\/dies-und-das\/getreideanbau-im-hobygarten-weizen-und-roggen\/\">auf den Knien ueber das Feld gekrochen<\/a>, habe Hunderte von Metern Saatrille mit Weizenkoernern versorgt, sie alle mit der Harke zugekratzt und mit Holzschuhen an den Fuessen festgetreten. Meine Guete, das war eine Schufterei. Im letzten Jahr der erste Versuch mit <a href=\"http:\/\/neulichimgarten.de\/blog\/versuche\/weizenanbau-im-garten-die-aussaat\/\">einer Handsaemaschine<\/a>. Das war schon eine enorme Erleichterung. Wenn ich denn nicht\u00a0die <a href=\"http:\/\/neulichimgarten.de\/blog\/dies-und-das\/sie-man-eine-saatmaschine-richtig-einstellt\/\">Saattiefe<\/a> zu tief eingestellt haette\u00a0und der Auswurfschacht des Geraetes andauernd verstopft gewesen waere. Hat immer noch recht lange gedauert. Aber ich lerne ja dazu. <!--more--><\/p>\n<figure id=\"attachment_16595\" aria-describedby=\"caption-attachment-16595\" style=\"width: 300px\" class=\"wp-caption aligncenter\"><a href=\"http:\/\/neulichimgarten.de\/blog\/wp-content\/uploads\/2013\/04\/Arbeit-mit-der-Handsaemaschine.jpg\"><img loading=\"lazy\" class=\"size-medium wp-image-16595\" title=\"Arbeit mit der Handsaemaschine\" src=\"http:\/\/neulichimgarten.de\/blog\/wp-content\/uploads\/2013\/04\/Arbeit-mit-der-Handsaemaschine-300x168.jpg\" alt=\"Arbeit mit der Handsaemaschine\" width=\"300\" height=\"168\" srcset=\"https:\/\/www.neulichimgarten.de\/blog\/wp-content\/uploads\/2013\/04\/Arbeit-mit-der-Handsaemaschine-300x168.jpg 300w, https:\/\/www.neulichimgarten.de\/blog\/wp-content\/uploads\/2013\/04\/Arbeit-mit-der-Handsaemaschine.jpg 720w\" sizes=\"(max-width: 300px) 100vw, 300px\" \/><\/a><figcaption id=\"caption-attachment-16595\" class=\"wp-caption-text\">Gibt es eine schoenere Arbeit als die im Garten?<\/figcaption><\/figure>\n<h2>Ich komme der Sache naeher<\/h2>\n<p>In diesem Jahr ging die Aussaat um ein Vielfaches schneller und leichter als in den vorherigen beiden Jahren. Haette ich nicht andauernd mit den Kameras hantieren muessen, mir irgendwelche Befestigungsmoeglichkeiten ausdenken, neue Blickwinkel und neue Sichtweisen ausdenken wollen um meine Zuschauer noch naeher ans Geschehen heran zu bringen, ich haette das Feld locker in einer Stunde bestellt. \ud83d\ude42 Sag also niemand, ich wuerde mich nicht weiterentwickeln. Nur ein einziges Mal war der Schacht, durch den die Koerner fallen, verstopft. Ich habe die Saattiefe auch nicht so tief eingestellt wie im letzten Jahr. Locker flockig bin ich da hin und her ueber den Acker gelaufen und habe mir so meine Gedanken gemacht.<\/p>\n<h2>Ich bin ein Ar&#8230;<\/h2>\n<p>Ja, ich weiss, ich kann manchmal ziemlich fies sein. \ud83d\ude42 Vielleicht sind aber diese Gedanken genau &#8222;meine&#8220; Methode, mir selbst einzureden, was ich da mache, haette auch nur den geringsten praktischen Nutzen. Man kann ja vieles im Garten anbauen, aber Getreide gehoert wirklich zu den Pflanzen, die, also mal ehrlich und offen betrachtet, in einem Garten nichts zu suchen haben. Aber das ist ein anderes Thema.<\/p>\n<p>Wobei die Aussaat ja nur der kleinste Teil der Arbeit ist. Wenn ich schon an die <a href=\"http:\/\/neulichimgarten.de\/blog\/gartenansichten\/von-der-selbstversorgung-von-der-weizenernte-und-von-einem-der-total-panne-ist\/\">Ernte<\/a>, das <a href=\"http:\/\/neulichimgarten.de\/blog\/versuche\/weizen-dreschen-fuer-selbstversorger\/\">Dreschen<\/a>, die <a href=\"http:\/\/neulichimgarten.de\/blog\/versuche\/getreide-reinigen-fuer-selbstversorger\/\">Reinigung<\/a>\u00a0\u00a0und die <a href=\"http:\/\/neulichimgarten.de\/blog\/dies-und-das\/selbstversorger-getreide-richtig-lagern-video\/\">Lagerung<\/a> denke, dann wird mir jetzt schon uebel (Anmerkung G\u00f6ttergattin: mir auch &#8211; wochenlang \u00fcberall \u00c4hren, K\u00f6rner, etc. auf dem Hof, \u00fcberall in den Klamotten und im Haus&#8230;). Das ganze dann noch fuer vielleicht 100 Kilo Weizen. So viel rechne ich mir naemlich aus, den Ertrag aus dem Vorjahr zugrunde gelegt.<\/p>\n<figure id=\"attachment_16598\" aria-describedby=\"caption-attachment-16598\" style=\"width: 300px\" class=\"wp-caption aligncenter\"><a href=\"http:\/\/neulichimgarten.de\/blog\/wp-content\/uploads\/2013\/04\/Handsaemaschine-im-Einsatz.jpg\"><img loading=\"lazy\" class=\"size-medium wp-image-16598\" title=\"Handsaemaschine im Einsatz\" src=\"http:\/\/neulichimgarten.de\/blog\/wp-content\/uploads\/2013\/04\/Handsaemaschine-im-Einsatz-300x168.jpg\" alt=\"Handsaemaschine im Einsatz\" width=\"300\" height=\"168\" srcset=\"https:\/\/www.neulichimgarten.de\/blog\/wp-content\/uploads\/2013\/04\/Handsaemaschine-im-Einsatz-300x168.jpg 300w, https:\/\/www.neulichimgarten.de\/blog\/wp-content\/uploads\/2013\/04\/Handsaemaschine-im-Einsatz.jpg 720w\" sizes=\"(max-width: 300px) 100vw, 300px\" \/><\/a><figcaption id=\"caption-attachment-16598\" class=\"wp-caption-text\">Ob ich das alles so richtig gemacht habe?<\/figcaption><\/figure>\n<h2>Erwarteter Nutzen?<\/h2>\n<p>Letztens habe ich einen Bauernhof ausfindig gemacht, auf dem man Weizen und Mais als Huehnerfutter kaufen kann. Der Sack kostet da glatte 7 Euro. Ich habe den Bauern gefragt, ob ich den Weizen zur Not auch als Brot verbacken koenne und der meinte, das waere kein Problem. Gut, es handelt sich nicht um Bioweizen. Den kann ich hier n\u00e4mlich nirgendwo kaufen. Aber 7 Euro fuer einen Sack Weizen sind schon ein winziger Preis. Meine erwartete Ernte duerfte dann also gerade mal 28 Euro wert sein. Selbst in Bioqualitaet nehme ich an, macht der Anbau aber auch wirklich nicht den geringsten Sinn.<\/p>\n<h2>Wieviel und wie?<\/h2>\n<p>Als Aussaatstaerke habe ich an der Saatmaschine Lochgroesse 8,5 gewaehlt. Damit duerften so zwischen 400 und 500 Korn auf den m2 gelandet sein. Irgendwie kann das aber nicht ganz gepasst haben. Ich habe mehr als 2 Kilo Saatgut verbraucht. Reihenabstand um die 15 Zentimeter, gerade so weit, dass ich spaeter noch mit der Hacke oder mit der <a href=\"http:\/\/neulichimgarten.de\/blog\/dies-und-das\/historische-gartengeraete\/\">Radhacke<\/a> dazwischen komme. Das ist\u00a0unumgaenglich. In einem von Hand breitwuerfig bestellten Feld laesst sich naemlich keine Unkrautbekaempfung mehr durchfuehren. Damit ist auch die Frage beantwortet, warum ich es nicht auf den Acker streue? Fuer das Aussaatdatum 27.03 denke ich, habe ich einen guten Mittelwert gefunden. Wie ich mich kenne, keimt ja so oder so nur die Haelfte. \ud83d\ude42 Wo wir gerade bei oft gestellten Fragen sind: Warum habe ich keinen Winterweizen genommen, wo doch der Ertrag angeblich hoeher sein soll? Ich habe mir Winterweizen besorgt und werde, sofern der Acker im Herbst frei ist, auch damit einen Versuch starten.<\/p>\n<figure id=\"attachment_16597\" aria-describedby=\"caption-attachment-16597\" style=\"width: 300px\" class=\"wp-caption aligncenter\"><a href=\"http:\/\/neulichimgarten.de\/blog\/wp-content\/uploads\/2013\/04\/Gartenarbeit-macht-Spass.jpg\"><img loading=\"lazy\" class=\"size-medium wp-image-16597\" title=\"Gartenarbeit macht Spass\" src=\"http:\/\/neulichimgarten.de\/blog\/wp-content\/uploads\/2013\/04\/Gartenarbeit-macht-Spass-300x168.jpg\" alt=\"Gartenarbeit macht Spass\" width=\"300\" height=\"168\" srcset=\"https:\/\/www.neulichimgarten.de\/blog\/wp-content\/uploads\/2013\/04\/Gartenarbeit-macht-Spass-300x168.jpg 300w, https:\/\/www.neulichimgarten.de\/blog\/wp-content\/uploads\/2013\/04\/Gartenarbeit-macht-Spass.jpg 720w\" sizes=\"(max-width: 300px) 100vw, 300px\" \/><\/a><figcaption id=\"caption-attachment-16597\" class=\"wp-caption-text\">Immer neue Blickwinkel!<\/figcaption><\/figure>\n<p>Verwendet habe ich eigenes Saatgut aus der Ernte des Vorjahres. So weit ich mich erinnere, handelt es sich um die Sorte Thasos, im Vorjahr vom Biogartenversand bezogen. Ich hoffe mal, die Lagerbedingungen in unserem Keller entsprachen auch den Normen fuer Weizensaatgutlagerung. Kuehl, unter einer <a href=\"http:\/\/neulichimgarten.de\/blog\/dies-und-das\/selbstversorger-getreide-richtig-lagern-video\/\">CO2 Athmosphaere<\/a>, mehr kann ich nicht tun. Noch sind keine Schaedlinge zu sehen. Weder <a href=\"http:\/\/neulichimgarten.de\/blog\/dies-und-das\/getreide-richtig-lagern-im-haus\/\">Kaefer noch Milben<\/a>, der Weizen liegt noch genau so in der Tonne, wie ich ihn vor einigen Monaten hinein gefuellt habe. In zwei Wochen werde ich wissen, ob ich richtig gelegen habe. \ud83d\ude42<\/p>\n<h2>Wo bleibt der Regen?<\/h2>\n<p>Jetzt haette es nur noch kraeftig regnen muessen. Hat es aber nicht. Es kommt nie so, wie man es gerne haette. Der Acker liegt, vom eisigen Wind der letzten Tage ausgetrocknet da. Die ersten Graeser, die ich anscheinend nicht tief genug untergepfluegt habe, recken schon wieder ihre Halme gen Himmel. Und wenn die Temperaturen wie versprochen in den naechsten Tagen ansteigen sollten, dann weiss ich schon jetzt, was da wachsen wird. Alles andere, bloss kein Weizen.<\/p>\n<figure id=\"attachment_16599\" aria-describedby=\"caption-attachment-16599\" style=\"width: 300px\" class=\"wp-caption aligncenter\"><a href=\"http:\/\/neulichimgarten.de\/blog\/wp-content\/uploads\/2013\/04\/Weizenfeld-im-Garten.jpg\"><img loading=\"lazy\" class=\"size-medium wp-image-16599\" title=\"Weizenfeld im Garten\" src=\"http:\/\/neulichimgarten.de\/blog\/wp-content\/uploads\/2013\/04\/Weizenfeld-im-Garten-300x168.jpg\" alt=\"Weizenfeld im Garten\" width=\"300\" height=\"168\" srcset=\"https:\/\/www.neulichimgarten.de\/blog\/wp-content\/uploads\/2013\/04\/Weizenfeld-im-Garten-300x168.jpg 300w, https:\/\/www.neulichimgarten.de\/blog\/wp-content\/uploads\/2013\/04\/Weizenfeld-im-Garten.jpg 720w\" sizes=\"(max-width: 300px) 100vw, 300px\" \/><\/a><figcaption id=\"caption-attachment-16599\" class=\"wp-caption-text\">Habe ich nicht einen schoenen &#8222;Vogelsandkasten&#8220; gebastelt? Ich haette mir vorher einige Vogelscheuchen zimmern sollen.<\/figcaption><\/figure>\n<h2>Voegel und ihr Gedaechtnis<\/h2>\n<p>Wenn davon ueberhaupt noch was da ist. Anscheindend <a href=\"http:\/\/neulichimgarten.de\/blog\/gemueseanbau\/hafer-und-linsenanbau-im-garten\/\">haben Voegel ein gutes Gedaechtnis<\/a>. Wann immer ich hinaus in den Garten komme, ich scheuche ein halbes Dutzend Voeglein vom Acker. Tauben, Amseln und andere, die ich nicht kenne. <a href=\"http:\/\/neulichimgarten.de\/blog\/dies-und-das\/skelettfund-im-garten-bleibt-ein-raetsel\/\">Bin ja kein Ornithologe<\/a>. \ud83d\ude42 Da gibt es Stellen an denen schon keine Saatreihe mehr zu sehen ist. Alles von Vogelfuessen zerkratzt. Die spielen da mit Sicherheit nicht im Sandkasten.<\/p>\n<p><center><iframe loading=\"lazy\" width=\"480\" height=\"315\" src=\"http:\/\/www.youtube.com\/embed\/1VXRFHFs84Q\" frameborder=\"0\" allowfullscreen><\/iframe><\/center><\/p>\n","protected":false},"excerpt":{"rendered":"<p>Auf ein Neues. Eine weitere Saison Weizenanbau im Hobbygarten. 180 m2 sollen es werden. Wenn ich mir da mal nur nicht zu viel vorgenommen habe. \ud83d\ude42 Aber noch ist nicht aller Tage Abend. Ich habe mich ja schon verbessert. Im ersten Jahr bin ich auf den Knien ueber das Feld gekrochen, habe Hunderte von Metern [&hellip;]<\/p>\n","protected":false},"author":1,"featured_media":0,"comment_status":"open","ping_status":"open","sticky":false,"template":"","format":"standard","meta":[],"categories":[171,1,290,67,253,197,48],"tags":[56,129,230,289],"_links":{"self":[{"href":"https:\/\/www.neulichimgarten.de\/blog\/wp-json\/wp\/v2\/posts\/16589"}],"collection":[{"href":"https:\/\/www.neulichimgarten.de\/blog\/wp-json\/wp\/v2\/posts"}],"about":[{"href":"https:\/\/www.neulichimgarten.de\/blog\/wp-json\/wp\/v2\/types\/post"}],"author":[{"embeddable":true,"href":"https:\/\/www.neulichimgarten.de\/blog\/wp-json\/wp\/v2\/users\/1"}],"replies":[{"embeddable":true,"href":"https:\/\/www.neulichimgarten.de\/blog\/wp-json\/wp\/v2\/comments?post=16589"}],"version-history":[{"count":5,"href":"https:\/\/www.neulichimgarten.de\/blog\/wp-json\/wp\/v2\/posts\/16589\/revisions"}],"predecessor-version":[{"id":16591,"href":"https:\/\/www.neulichimgarten.de\/blog\/wp-json\/wp\/v2\/posts\/16589\/revisions\/16591"}],"wp:attachment":[{"href":"https:\/\/www.neulichimgarten.de\/blog\/wp-json\/wp\/v2\/media?parent=16589"}],"wp:term":[{"taxonomy":"category","embeddable":true,"href":"https:\/\/www.neulichimgarten.de\/blog\/wp-json\/wp\/v2\/categories?post=16589"},{"taxonomy":"post_tag","embeddable":true,"href":"https:\/\/www.neulichimgarten.de\/blog\/wp-json\/wp\/v2\/tags?post=16589"}],"curies":[{"name":"wp","href":"https:\/\/api.w.org\/{rel}","templated":true}]}}